{"id":7425,"date":"2020-03-23T14:46:47","date_gmt":"2020-03-23T13:46:47","guid":{"rendered":"https:\/\/studiolegaleabbona.com\/web\/?p=7425"},"modified":"2020-05-11T08:38:47","modified_gmt":"2020-05-11T06:38:47","slug":"marchio-storico-di-interesse-nazionale","status":"publish","type":"post","link":"https:\/\/studiolegaleabbona.com\/web\/2020\/03\/23\/marchio-storico-di-interesse-nazionale\/","title":{"rendered":"Marchio storico di interesse nazionale"},"content":{"rendered":"\n<span class=\"gdlr-core-space-shortcode\" style=\"margin-top: 30px ;\"  ><\/span>\n\n\n\n<span class=\"gdlr-core-space-shortcode\" style=\"margin-top: 40px ;\"  ><\/span>\n\n\n\n<div class=\"wp-block-image is-style-circle-mask\"><figure class=\"alignleft size-medium\"><img loading=\"lazy\" decoding=\"async\" width=\"300\" height=\"300\" src=\"https:\/\/studiolegaleabbona.com\/web\/wp-content\/uploads\/2020\/03\/marchio-storico-300x300.jpg\" alt=\"\" class=\"wp-image-7426\" srcset=\"https:\/\/studiolegaleabbona.com\/web\/wp-content\/uploads\/2020\/03\/marchio-storico-300x300.jpg 300w, https:\/\/studiolegaleabbona.com\/web\/wp-content\/uploads\/2020\/03\/marchio-storico-150x150.jpg 150w, https:\/\/studiolegaleabbona.com\/web\/wp-content\/uploads\/2020\/03\/marchio-storico.jpg 373w\" sizes=\"(max-width: 300px) 100vw, 300px\" \/><\/figure><\/div>\n\n\n\n<p>Con decreto del Ministro dello Sviluppo Economico 10.01.2020, pubblicato in G.U. 24 febbraio 2020, n. 46 si \u00e8 data attuazione all\u2019art. 31, c. 1, lettere a) e b), del D.L. 30.04.2019, n. 34, prevedendo l\u2019introduzione del c.d. marchio storico di interesse nazionale atto a tutelare e distinguere quei marchi (registrati o di fatto) presenti sul mercato da almeno 50 anni.&nbsp;&nbsp;<\/p>\n\n\n\n<p>Il richiedente (gi\u00e0 titolare di un marchio non registrato) dovr\u00e0 per\u00f2 provare l\u2019uso effettivo del segno, mediante ad esempio etichette, brochure, imballaggi, documenti contabili e fiscali (fatture, preventivi, documenti di trasporto ecc.), pubblicit\u00e0, articoli di giornale ecc.<\/p>\n\n\n\n<p>A seguito del decreto direttoriale del 7 aprile 2020, le domande potranno essere presentate a partire dal 16 aprile 2020 previo pagamento dell&#8217;imposta di bollo per \u20ac. 15,00. <\/p>\n\n\n\n<p><\/p>\n\n\n\n<p><\/p>\n","protected":false},"excerpt":{"rendered":"<p>Con decreto del Ministro dello Sviluppo Economico 10.01.2020, pubblicato in G.U. 24 febbraio 2020, n. 46 si \u00e8 data attuazione all\u2019art. 31, c. 1, lettere a) e b), del D.L. 30.04.2019, n. 34, prevedendo l\u2019introduzione del c.d. marchio storico di interesse nazionale atto a tutelare e distinguere quei marchi (registrati o di fatto) presenti sul [&hellip;]<\/p>\n","protected":false},"author":1,"featured_media":7430,"comment_status":"closed","ping_status":"open","sticky":false,"template":"","format":"standard","meta":{"footnotes":""},"categories":[4],"tags":[32],"_links":{"self":[{"href":"https:\/\/studiolegaleabbona.com\/web\/wp-json\/wp\/v2\/posts\/7425"}],"collection":[{"href":"https:\/\/studiolegaleabbona.com\/web\/wp-json\/wp\/v2\/posts"}],"about":[{"href":"https:\/\/studiolegaleabbona.com\/web\/wp-json\/wp\/v2\/types\/post"}],"author":[{"embeddable":true,"href":"https:\/\/studiolegaleabbona.com\/web\/wp-json\/wp\/v2\/users\/1"}],"replies":[{"embeddable":true,"href":"https:\/\/studiolegaleabbona.com\/web\/wp-json\/wp\/v2\/comments?post=7425"}],"version-history":[{"count":5,"href":"https:\/\/studiolegaleabbona.com\/web\/wp-json\/wp\/v2\/posts\/7425\/revisions"}],"predecessor-version":[{"id":7485,"href":"https:\/\/studiolegaleabbona.com\/web\/wp-json\/wp\/v2\/posts\/7425\/revisions\/7485"}],"wp:featuredmedia":[{"embeddable":true,"href":"https:\/\/studiolegaleabbona.com\/web\/wp-json\/wp\/v2\/media\/7430"}],"wp:attachment":[{"href":"https:\/\/studiolegaleabbona.com\/web\/wp-json\/wp\/v2\/media?parent=7425"}],"wp:term":[{"taxonomy":"category","embeddable":true,"href":"https:\/\/studiolegaleabbona.com\/web\/wp-json\/wp\/v2\/categories?post=7425"},{"taxonomy":"post_tag","embeddable":true,"href":"https:\/\/studiolegaleabbona.com\/web\/wp-json\/wp\/v2\/tags?post=7425"}],"curies":[{"name":"wp","href":"https:\/\/api.w.org\/{rel}","templated":true}]}}