{"id":7458,"date":"2020-03-31T11:27:09","date_gmt":"2020-03-31T09:27:09","guid":{"rendered":"https:\/\/studiolegaleabbona.com\/web\/?p=7458"},"modified":"2020-03-31T11:36:39","modified_gmt":"2020-03-31T09:36:39","slug":"covid-19-un-marchio-valido","status":"publish","type":"post","link":"https:\/\/studiolegaleabbona.com\/web\/2020\/03\/31\/covid-19-un-marchio-valido\/","title":{"rendered":"Covid-19, un marchio valido?"},"content":{"rendered":"\n<p>Contemporaneamente alla pandemia da coronavirus, si\n\u00e8 avuto modo di assistere al proliferare di depositi di domande di marchio\naventi ad oggetto la denominazione \u201cCovid-19\u201d (e sue seppur minime\ndeclinazioni).<\/p>\n\n\n\n<p>E\u2019 quindi il caso di domandarsi se una simile iniziativa possa ritenersi legittima, ovvero se essa violi il disposto di cui all\u2019art. 14, comma 1, lett. a), c.p.i., laddove si nega la registrazione a quei marchi che possano essere contrari alla legge, all\u2019ordine pubblico od al buon costume (in questo articolo si prender\u00e0 in considerazione solo la normativa italiana).<\/p>\n\n\n\n<p>Volendo concentrarci su quest\u2019ultimo aspetto, la\nnozione di buon costume \u00e8 tradizionalmente intesa come insieme di principi e\nregole ben radicate nel costume sociale, s\u00ec da creare profonda riprovazione\nsociale avverso chi violi tali regole.<\/p>\n\n\n\n<p>E\u2019 opinione diffusa in dottrina ed in giurisprudenza (Trib. UE, 26.09.2014, causa T-266\/13) come nel giudizio di valutazione della contrariet\u00e0 al buon costume, occorra fare riferimento sia al marchio in s\u00e9 a prescindere dal momento in cui esso sia usato, sia ai beni e servizi per cui \u00e8 richiesta protezione. Il tutto in rapporto al giudizio espresso da una \u201cpersona ragionevole\u201d. <\/p>\n\n\n\n<p>Senza addentrarci oltre nell\u2019arduo compito di\ndescrivere cosa sia, o meno, contrario alla disposizione sopra richiamata, si\npu\u00f2 qui ipotizzare la liceit\u00e0 (ai fini della norma in esame) di un marchio\n\u201cCovid-19 (\u2026)\u201d nell\u2019ambito della farmaceutica (si pensi ad esempio ad un futuro\nvaccino); forse maggiori difficolt\u00e0 si potranno riscontrare per il deposito \u201cCovid-19\n(\u2026)\u201d per beni diversi (ad esempio capi di vestiario).<\/p>\n\n\n\n<p>Sicuramente l\u2019ambito temporale in cui dette domande\ndi marchio sono state depositate lede la neutralit\u00e0 dell\u2019autore, sar\u00e0 quindi\nsolo il tempo (e l\u2019autorit\u00e0 preposta) a dire se esista nelle predette domande\ndi marchio un disvalore tale da assurgere ad impedimento alla registrazione.<\/p>\n","protected":false},"excerpt":{"rendered":"<p>Contemporaneamente alla pandemia da coronavirus, si \u00e8 avuto modo di assistere al proliferare di depositi di domande di marchio aventi ad oggetto la denominazione \u201cCovid-19\u201d (e sue seppur minime declinazioni). E\u2019 quindi il caso di domandarsi se una simile iniziativa possa ritenersi legittima, ovvero se essa violi il disposto di cui all\u2019art. 14, comma 1, [&hellip;]<\/p>\n","protected":false},"author":1,"featured_media":7463,"comment_status":"closed","ping_status":"open","sticky":true,"template":"","format":"standard","meta":{"footnotes":""},"categories":[2,4],"tags":[38,36,37],"_links":{"self":[{"href":"https:\/\/studiolegaleabbona.com\/web\/wp-json\/wp\/v2\/posts\/7458"}],"collection":[{"href":"https:\/\/studiolegaleabbona.com\/web\/wp-json\/wp\/v2\/posts"}],"about":[{"href":"https:\/\/studiolegaleabbona.com\/web\/wp-json\/wp\/v2\/types\/post"}],"author":[{"embeddable":true,"href":"https:\/\/studiolegaleabbona.com\/web\/wp-json\/wp\/v2\/users\/1"}],"replies":[{"embeddable":true,"href":"https:\/\/studiolegaleabbona.com\/web\/wp-json\/wp\/v2\/comments?post=7458"}],"version-history":[{"count":5,"href":"https:\/\/studiolegaleabbona.com\/web\/wp-json\/wp\/v2\/posts\/7458\/revisions"}],"predecessor-version":[{"id":7465,"href":"https:\/\/studiolegaleabbona.com\/web\/wp-json\/wp\/v2\/posts\/7458\/revisions\/7465"}],"wp:featuredmedia":[{"embeddable":true,"href":"https:\/\/studiolegaleabbona.com\/web\/wp-json\/wp\/v2\/media\/7463"}],"wp:attachment":[{"href":"https:\/\/studiolegaleabbona.com\/web\/wp-json\/wp\/v2\/media?parent=7458"}],"wp:term":[{"taxonomy":"category","embeddable":true,"href":"https:\/\/studiolegaleabbona.com\/web\/wp-json\/wp\/v2\/categories?post=7458"},{"taxonomy":"post_tag","embeddable":true,"href":"https:\/\/studiolegaleabbona.com\/web\/wp-json\/wp\/v2\/tags?post=7458"}],"curies":[{"name":"wp","href":"https:\/\/api.w.org\/{rel}","templated":true}]}}